{"id":44,"date":"2026-03-17T17:49:12","date_gmt":"2026-03-17T16:49:12","guid":{"rendered":"https:\/\/vigarat.gralczyk.net\/?p=44"},"modified":"2026-03-17T18:51:04","modified_gmt":"2026-03-17T17:51:04","slug":"polska-spoleczna-zrodla-i-kierunki","status":"publish","type":"post","link":"https:\/\/vigarat.gralczyk.net\/?p=44","title":{"rendered":"Polska spo\u0142eczna &#8211; \u017ar\u00f3d\u0142a i kierunki"},"content":{"rendered":"\n<p><a href=\"https:\/\/cofund.org.pl\/\" data-type=\"link\" data-id=\"https:\/\/cofund.org.pl\/\" target=\"_blank\" rel=\"noreferrer noopener\">Fundacja Fundusz Wsp\u00f3\u0142pracy<\/a> rozpocz\u0119\u0142a cykl podcast\u00f3w na tematy spo\u0142eczne. B\u0119d\u0119 pewnie niekt\u00f3re z nich linkowa\u0142 na tym blogu. Ten odcinek jest jednak wyj\u0105tkowy&#8230; bo go nie b\u0119dzie. <br>Jest to rozmowa kt\u00f3r\u0105 przeprowadzi\u0142 ze mn\u0105 <a href=\"https:\/\/www.linkedin.com\/in\/micha%C5%82-bargielski-0401472b4\/\" data-type=\"link\" data-id=\"https:\/\/www.linkedin.com\/in\/micha%C5%82-bargielski-0401472b4\/\" target=\"_blank\" rel=\"noreferrer noopener\">Micha\u0142 Bargielski<\/a>.<\/p>\n\n\n\n<!--more-->\n\n\n\n<p>Odcinka nie b\u0119dzie bo zastrajkowa\u0142 sprz\u0119t i okaza\u0142o si\u0119 po nagraniu, \u017ce jako\u015b\u0107 obrazu jest zbyt s\u0142aba. <br>Ale by\u0142a to dla mnie wa\u017cna rozmowa. Kiedy wi\u0119c szuka\u0142em materia\u0142u na pierwszy wpis, w moim &#8222;zrestartowanym&#8221; blogu pomy\u015bla\u0142em, \u017ce nic bardziej osobistego, a jednocze\u015bnie  &#8222;zawodowego&#8221; nie znajd\u0119.<\/p>\n\n\n\n<p>Poprosi\u0142em o ocala\u0142\u0105 \u015bcie\u017ck\u0119 d\u017awi\u0119kow\u0105 i niniejszym zapraszam do wys\u0142uchania naszej rozmowy z Micha\u0142em. I niech to b\u0119dzie dobra wr\u00f3\u017cba na ci\u0105g dalszy Nurt\u00f3w Lokalnych. <\/p>\n\n\n\n<iframe loading=\"lazy\" width=\"100%\" height=\"166\" scrolling=\"no\" frameborder=\"no\" allow=\"autoplay\" src=\"https:\/\/w.soundcloud.com\/player\/?url=https%3A\/\/api.soundcloud.com\/tracks\/soundcloud%3Atracks%3A2285455979%3Fsecret_token%3Ds-mCol7n0nzy3&#038;color=%23ff5500&#038;auto_play=false&#038;hide_related=false&#038;show_comments=true&#038;show_user=true&#038;show_reposts=false&#038;show_teaser=true\"><\/iframe><div style=\"font-size: 10px; color: #cccccc;line-break: anywhere;word-break: normal;overflow: hidden;white-space: nowrap;text-overflow: ellipsis; font-family: Interstate,Lucida Grande,Lucida Sans Unicode,Lucida Sans,Garuda,Verdana,Tahoma,sans-serif;font-weight: 100;\"><a href=\"https:\/\/soundcloud.com\/jacek-gralczyk\" title=\"Jacek Gralczyk\" target=\"_blank\" style=\"color: #cccccc; text-decoration: none;\">Jacek Gralczyk<\/a> \u00b7 <a href=\"https:\/\/soundcloud.com\/jacek-gralczyk\/ps-rozmowa-micha-bargielski\/s-mCol7n0nzy3\" title=\"\u0179r\u00f3d\u0142a i kierunki Polski spo\u0142ecznej\" target=\"_blank\" style=\"color: #cccccc; text-decoration: none;\">\u0179r\u00f3d\u0142a i kierunki Polski spo\u0142ecznej<\/a><\/div>\n\n\n\n<p><\/p>\n","protected":false},"excerpt":{"rendered":"<p>Fundacja Fundusz Wsp\u00f3\u0142pracy rozpocz\u0119\u0142a cykl podcast\u00f3w na tematy spo\u0142eczne. B\u0119d\u0119 pewnie niekt\u00f3re z nich linkowa\u0142 na tym blogu. Ten odcinek jest jednak wyj\u0105tkowy&#8230; bo go nie b\u0119dzie. Jest to rozmowa kt\u00f3r\u0105 przeprowadzi\u0142 ze mn\u0105 Micha\u0142 Bargielski.<\/p>\n","protected":false},"author":1,"featured_media":0,"comment_status":"open","ping_status":"open","sticky":false,"template":"","format":"standard","meta":{"_jetpack_memberships_contains_paid_content":false,"footnotes":""},"categories":[8],"tags":[35,37,38,17],"class_list":["post-44","post","type-post","status-publish","format-standard","hentry","category-brzeg","tag-refleksja","tag-rozmowa","tag-system","tag-wspolnota"],"jetpack_featured_media_url":"","jetpack_sharing_enabled":true,"_links":{"self":[{"href":"https:\/\/vigarat.gralczyk.net\/index.php?rest_route=\/wp\/v2\/posts\/44","targetHints":{"allow":["GET"]}}],"collection":[{"href":"https:\/\/vigarat.gralczyk.net\/index.php?rest_route=\/wp\/v2\/posts"}],"about":[{"href":"https:\/\/vigarat.gralczyk.net\/index.php?rest_route=\/wp\/v2\/types\/post"}],"author":[{"embeddable":true,"href":"https:\/\/vigarat.gralczyk.net\/index.php?rest_route=\/wp\/v2\/users\/1"}],"replies":[{"embeddable":true,"href":"https:\/\/vigarat.gralczyk.net\/index.php?rest_route=%2Fwp%2Fv2%2Fcomments&post=44"}],"version-history":[{"count":8,"href":"https:\/\/vigarat.gralczyk.net\/index.php?rest_route=\/wp\/v2\/posts\/44\/revisions"}],"predecessor-version":[{"id":55,"href":"https:\/\/vigarat.gralczyk.net\/index.php?rest_route=\/wp\/v2\/posts\/44\/revisions\/55"}],"wp:attachment":[{"href":"https:\/\/vigarat.gralczyk.net\/index.php?rest_route=%2Fwp%2Fv2%2Fmedia&parent=44"}],"wp:term":[{"taxonomy":"category","embeddable":true,"href":"https:\/\/vigarat.gralczyk.net\/index.php?rest_route=%2Fwp%2Fv2%2Fcategories&post=44"},{"taxonomy":"post_tag","embeddable":true,"href":"https:\/\/vigarat.gralczyk.net\/index.php?rest_route=%2Fwp%2Fv2%2Ftags&post=44"}],"curies":[{"name":"wp","href":"https:\/\/api.w.org\/{rel}","templated":true}]}}